{"id":8533,"date":"2017-05-29T16:06:13","date_gmt":"2017-05-29T19:06:13","guid":{"rendered":"http:\/\/www.sutel.com.uy\/?p=8533"},"modified":"2017-05-29T16:06:13","modified_gmt":"2017-05-29T19:06:13","slug":"la-diaria-trabajadores-de-antel-realizan-un-paro-de-24-horas-manana","status":"publish","type":"post","link":"https:\/\/www.sutel.com.uy\/?p=8533","title":{"rendered":"La Diaria : Trabajadores de Antel realizan un paro de 24 horas ma\u00f1ana"},"content":{"rendered":"<div class=\"article-header container\">\n<h1 class=\"article-title after_foto\">Trabajadores de Antel realizan un paro de 24 horas ma\u00f1ana<\/h1>\n<\/div>\n<div class=\"article-body\">\n<p>El Sindicato \u00danico de Antel (Sutel) realizar\u00e1 ma\u00f1ana un paro de 24 horas, en busca de que se concreten los anuncios de inversi\u00f3n p\u00fablica y que se les reconozca una partida salarial a m\u00e1s de 700 trabajadores.<\/p>\n<p>Gabriel Molina, presidente de Sutel, explic\u00f3 al portal del PIT-CNT que el gobierno \u201cno ha cumplido con lo que ha dicho\u201d sobre la inversi\u00f3n p\u00fablica, por lo que se le exigir\u00e1 a la empresa que \u201csiga invirtiendo y termine de alguna forma lo que est\u00e1 pendiente de hacer por falta de recursos\u201d. Antel, seg\u00fan el dirigente, tiene dinero como para hacer estas inversiones, pero \u201cfalta que el gobierno tome la decisi\u00f3n pol\u00edtica\u201d.<\/p>\n<p>Molina tambi\u00e9n reclam\u00f3 el \u201crespeto a los convenios salariales y colectivos\u201d, y pidi\u00f3 que el gobierno autorice a la empresa al pago de una partida que 702 trabajadores no cobran por \u201cla negligencia y la porfiadez del actual Ministerio de Econom\u00eda y Finanzas, que no autoriza que la misma se pague a los trabajadores\u201d.<\/p>\n<p>El paro incluir\u00e1 una movilizaci\u00f3n en la Torre de Antel y una posterior marcha hacia el Ministerio de Trabajo y Seguridad Social y hacia la Torre Ejecutiva. En la convocatoria al paro, tambi\u00e9n se incluye el reclamo \u201cpor el reconocimiento al d\u00eda del trabajador de Antel\u201d.<\/p>\n<p>FUENTE:&nbsp;https:\/\/ladiaria.com.uy\/articulo\/2017\/5\/trabajadores-de-antel-realizan-un-paro-de-24-horas-manana\/<\/p>\n<\/div>\n","protected":false},"excerpt":{"rendered":"<p>Trabajadores de Antel realizan un paro de 24 horas ma\u00f1ana El Sindicato \u00danico de Antel (Sutel) realizar\u00e1 ma\u00f1ana un paro de 24 horas, en busca de que se concreten los &#8230;<\/p>\n","protected":false},"author":7,"featured_media":345,"comment_status":"closed","ping_status":"closed","sticky":false,"template":"","format":"standard","meta":{"pagelayer_contact_templates":[],"_pagelayer_content":"","footnotes":""},"categories":[32],"tags":[],"class_list":["post-8533","post","type-post","status-publish","format-standard","has-post-thumbnail","hentry","category-noticias-destacadas"],"_links":{"self":[{"href":"https:\/\/www.sutel.com.uy\/index.php?rest_route=\/wp\/v2\/posts\/8533","targetHints":{"allow":["GET"]}}],"collection":[{"href":"https:\/\/www.sutel.com.uy\/index.php?rest_route=\/wp\/v2\/posts"}],"about":[{"href":"https:\/\/www.sutel.com.uy\/index.php?rest_route=\/wp\/v2\/types\/post"}],"author":[{"embeddable":true,"href":"https:\/\/www.sutel.com.uy\/index.php?rest_route=\/wp\/v2\/users\/7"}],"replies":[{"embeddable":true,"href":"https:\/\/www.sutel.com.uy\/index.php?rest_route=%2Fwp%2Fv2%2Fcomments&post=8533"}],"version-history":[{"count":1,"href":"https:\/\/www.sutel.com.uy\/index.php?rest_route=\/wp\/v2\/posts\/8533\/revisions"}],"predecessor-version":[{"id":8534,"href":"https:\/\/www.sutel.com.uy\/index.php?rest_route=\/wp\/v2\/posts\/8533\/revisions\/8534"}],"wp:featuredmedia":[{"embeddable":true,"href":"https:\/\/www.sutel.com.uy\/index.php?rest_route=\/wp\/v2\/media\/345"}],"wp:attachment":[{"href":"https:\/\/www.sutel.com.uy\/index.php?rest_route=%2Fwp%2Fv2%2Fmedia&parent=8533"}],"wp:term":[{"taxonomy":"category","embeddable":true,"href":"https:\/\/www.sutel.com.uy\/index.php?rest_route=%2Fwp%2Fv2%2Fcategories&post=8533"},{"taxonomy":"post_tag","embeddable":true,"href":"https:\/\/www.sutel.com.uy\/index.php?rest_route=%2Fwp%2Fv2%2Ftags&post=8533"}],"curies":[{"name":"wp","href":"https:\/\/api.w.org\/{rel}","templated":true}]}}