{"id":8530,"date":"2017-05-28T15:52:34","date_gmt":"2017-05-28T18:52:34","guid":{"rendered":"http:\/\/www.sutel.com.uy\/?p=8530"},"modified":"2017-05-29T15:56:16","modified_gmt":"2017-05-29T18:56:16","slug":"portal-pit-cnt-paro-y-movilizacion-de-sutel","status":"publish","type":"post","link":"https:\/\/www.sutel.com.uy\/?p=8530","title":{"rendered":"Portal PIT CNT:  Paro y movilizaci\u00f3n de SUTEL"},"content":{"rendered":"<div class=\"itemHeader\">\n<h2 class=\"itemTitle\">Paro y movilizaci\u00f3n de SUTEL<\/h2>\n<\/div>\n<div class=\"itemBody\">\n<div class=\"itemImageBlock\"><span class=\"itemImage\"><a class=\"modal\" title=\"Clic para vista previa de la imagen\" href=\"http:\/\/pitcnt.uy\/media\/k2\/items\/cache\/164ee9e13779991f53bd1f9e15f55ae5_XL.jpg\" rel=\"{handler: 'image'}\"><img decoding=\"async\" class=\"alignnone alignleft\" src=\"http:\/\/pitcnt.uy\/media\/k2\/items\/cache\/164ee9e13779991f53bd1f9e15f55ae5_XL.jpg\" alt=\"Paro y movilizaci\u00f3n de SUTEL\"><\/a><\/span><\/p>\n<div class=\"clr\" style=\"text-align: left;\">&nbsp;El sindicato de la empresa estatal de las telecomunicaciones realizar\u00e1 un paro general de 24 horas el pr\u00f3ximo 30 de mayo. La plataforma abarca la defensa de las empresas p\u00fablicas, la necesidad de cumplir los anuncios de inversi\u00f3n p\u00fablica y desde el sindicato se realizan cuestionamientos a la \u201cporfiada actitud del gobierno y el Ministerio de Econom\u00eda\u201d que no reconoce una partida que le corresponde a unos 700 trabajadores.<\/div>\n<\/div>\n<div class=\"itemFullText\">\n<p><span lang=\"es-ES\">Seg\u00fan explic\u00f3 al Portal, el Secretario de Prensa, Propaganda y Relaciones Nacionales del PIT-CNT y Presidente de Sutel, Gabriel Molina, el paro tiene distintos puntos de referencia en relaci\u00f3n a los reclamos de los trabajadores.<\/span><\/p>\n<p lang=\"es-ES\">Desde Paraguay, Gabriel Molina mantuvo un contacto internacional con el Portal en el que record\u00f3 c\u00f3mo se ha llegado a esta instancia actual de Antel.<\/p>\n<p>\u201c<span lang=\"es-ES\">En primer lugar, nuestra empresa de telecomunicaciones, Antel, empresa que supimos defender ante los primeros embates privatizadores, all\u00e1 por la d\u00e9cada de los 90 y luego en el 2001, bajo la presidencia de Jorge Batlle, que se intent\u00f3 nuevamente privatizar, logramos mantenerla en la \u00f3rbita del Estado gracias a los trabajadores y el pueblo en general; logramos que la empresa de telecomunicaciones sea hoy un orgullo para todos los uruguayos. Es evidente que en los \u00faltimos tiempos se han realizado determinada cantidad de inversiones que han permitido que Antel generara posibilidades de crecimiento enormes para toda la sociedad, y para el pa\u00eds. Hablemos de algunas de ellas, por ejemplo el tendido de la fibra \u00f3ptica, que ha permitido avanzar en el tema de las telecomunicaciones y en el tema de Internet; el Antel Arenas, que de alguna forma desde el punto de vista social de la inclusi\u00f3n de la cultura, de la educaci\u00f3n, va a traer aparejado un crecimiento en esta \u00e1rea, y que de alguna manera, tambi\u00e9n la empresa p\u00fablica conjuntamente con la intendencia en un claro acuerdo p\u00fablico-p\u00fablico han llevado adelante una inversi\u00f3n enorme en un barrio tan importante como es en el que est\u00e1 ubicado nuestro Antel Arenas, ah\u00ed en el Cerrito de la Victoria. Si a esto le sumamos tambi\u00e9n lo que es el Data Center, ubicado en el \u00e1rea log\u00edstica de Pando, donde claramente tambi\u00e9n ha permitido que Antel creciera a nivel internacional y que permitiera que empresas como Google y como Netflix de contenido se asociaran con estas empresa p\u00fablica para as\u00ed utilizar nuestros servicios de Data Center para mejorar y guardar todo lo que nos han brindado y en definitiva han logrado que en ese sentido este acuerdo permita el crecimiento de esta empresa p\u00fablica\u201d. En este sentido, Molina tambi\u00e9n explic\u00f3 lo que se ha logrado avanzar \u201cpensando que este a\u00f1o llega el \u00faltimo tramo del tendido del cable submarino, es evidente que eso va a traer aparejado una explosi\u00f3n en lo que tiene que ver con los servicios de Internet, la velocidad de Internet y la independencia y soberan\u00eda que nuestro pa\u00eds necesita para seguir creciendo\u201d.<\/span><\/p>\n<p><span lang=\"es-ES\">Empero, reconoci\u00f3 que \u201c<\/span><span lang=\"es-ES\">falta todav\u00eda parte de la inversi\u00f3n, y es real y cierto que el gobierno no ha cumplido con lo que ha dicho en el sentido de la inversi\u00f3n p\u00fablica, por lo tanto en uno de los primeros lugares para el paro del 30 de mayo de 24 horas, a nivel nacional, estamos exigiendo que el gobierno de forma inmediata permita que nuestra empresa p\u00fablica siga invirtiendo y termine de alguna forma lo que est\u00e1 pendiente de hacer por falta de recursos\u201d. Molina sostuvo que Antel \u201ctiene recursos propios para poder hacerlo, falta que el gobierno tome la decisi\u00f3n pol\u00edtica, por tanto est\u00e1 en las manos del gobierno si Antel sigue creciendo y aumentando los servicios y mejorando la calidad de los mismos para el pa\u00eds y para el pueblo en su conjunto o empieza en un camino de retroceso que permitir\u00eda que las multinacionales que compiten hoy en forma absolutamente y totalmente ilegal en Uruguay, empiecen a acumular y a crecer poniendo en riesgo nuestra empresa p\u00fablica. Hoy la respuesta las tiene el gobierno\u201d enfatiz\u00f3.<\/span><\/p>\n<h3 lang=\"es-ES\">Pendientes<\/h3>\n<p><span lang=\"es-ES\">Molina asegur\u00f3 al Portal que otro punto de la plataforma reivindicativa de los trabajadores nucleados en Sutel es por su reclamo \u201cen forma inmediata del respeto a los convenios salariales y a los convenios colectivos, por tanto exigimos al actual gobierno que autorice a Antel al pago de la partida que 702 trabajadores no est\u00e1n cobrando producto solamente de la negligencia y de la porfiadez del actual MEF que no autoriza que la misma se pague a los trabajadores\u201d. Asimismo, el presidente de Sutel mencion\u00f3 como parte del reclamo \u201cel ingreso de personal genuino, porque necesitamos llenar con personal las \u00e1reas que para nosotros son estrat\u00e9gicas y que necesitan el ingreso de personal. En ese sentido, hay que ir de la mano con el t\u00e9rmino de lo que es la tercerizaci\u00f3n de la mano de obra y por tanto el personal que ingrese leg\u00edtimamente tambi\u00e9n termine con este r\u00e9gimen de ingresos totalmente perverso para los trabajadores. Y a esto se le suma que nuestros compa\u00f1eros del call center est\u00e1n negociando un aumento del salario real con la empresa, haciendo propuestas concretas que permitan mejorar sus condiciones de trabajo, como tambi\u00e9n su salario\u201d. El dirigente asegur\u00f3 que confian que se est\u00e9 llegando \u201ccasi al final de esta situaci\u00f3n y esperemos que efectivamente esto se cumpla y terminemos cerrando un buen convenio salarial con nuestros compa\u00f1eros del call center.<\/span><\/p>\n<p lang=\"es-ES\">Por supuesto tambi\u00e9n un convenio colectivo con la empresa que tenemos que empezar a trabajar exigiendo que se incorporen las cosas que hemos hecho hasta el momento y que han mejorado el convenio colectivo que ten\u00edamos de hace tiempo.<\/p>\n<p lang=\"es-ES\">Tambi\u00e9n incorporar a todo esto lo que tiene que ver con el desarrollo de la empresa p\u00fablica, todo lo estrat\u00e9gico que tiene Antel para brindar, todo lo que hemos hecho en conjunto y que no vamos a permitir que por nada empiecen a debilitar nuestra empresa p\u00fablica patrimonio y orgullo de todos los orientales\u201d.<\/p>\n<h3 lang=\"es-ES\">Paro<\/h3>\n<p lang=\"es-ES\">El 30 de mayo los trabajadores de Antel, afiliados a Sutel, realizar\u00e1n un paro de 24 horas a nivel nacional. En el interior se para de 0 a 24 horas y en Montevideo la paralizaci\u00f3n ser\u00e1 de 10 de la ma\u00f1ana a 10 del d\u00eda siguiente, \u201cpara que el paro sea realmente importante y no se generen dificultades a los usuarios\u201d.<\/p>\n<p lang=\"es-ES\">Se realizar\u00e1 una concentraci\u00f3n en la Torre de Antel el d\u00eda 30 y desde all\u00ed se marchar\u00e1 hacia el Ministerio de Trabajo donde se entregar\u00e1 una carpeta con documentaci\u00f3n relacionada a los reclamos de los trabajadores y luego la marcha se dirigir\u00e1 hasta la Torre Ejecutiva, donde se procurar\u00e1 tambi\u00e9n entregar la documentaci\u00f3n al Poder Ejecutivo.<\/p>\n<h3 lang=\"es-ES\">Plataforma Sutel en palabras del presidente Gabriel Molina<\/h3>\n<p lang=\"es-ES\">Los trabajadores de Antel nos movilizamos para reafirmar estos conceptos que nos parecen importantes:<\/p>\n<p><span lang=\"es-ES\">1) En defensa de las empresas p\u00fablicas y por m\u00e1s inversi\u00f3n p\u00fablica.<\/span><\/p>\n<p lang=\"es-ES\">2) El respeto a lo acordado en los Consejos de Salarios y el convenio colectivo.<\/p>\n<p lang=\"es-ES\">3) Terminar con las tercerizaciones e ingreso de personal genuino.<\/p>\n<p lang=\"es-ES\">4) Por aumento salarial para los compa\u00f1eros de nuestro call center.<\/p>\n<p lang=\"es-ES\">5) Para trabajar en forma concreta un convenio colectivo abarcativo de lo estrat\u00e9gico de lo pol\u00edtico-sindical program\u00e1tico y en definitiva tambi\u00e9n pelear por el reconocimiento al d\u00eda del trabajador de Antel que para nosotros tiene que ser el 13 de diciembre porque es un d\u00eda emblem\u00e1tico para el pueblo uruguayo contra el primer intento privatizador y contra el rechazo total y absoluto del pueblo en su conjunto, del movimiento sindical y de las organizaciones sociales cuyo resultado fue que m\u00e1s del 70% de la ciudadan\u00eda el 13 de diciembre de 1992 le dijo no a la privatizaci\u00f3n. Las empresas p\u00fablicas son de los uruguayos, por tanto las vamos a defender a pesar de los intereses esp\u00fareos que algunos dirigentes pol\u00edticos, integrantes de los partidos Colorado y Nacional, y algunas diferencias que tenemos tambi\u00e9n desde el punto de vista pol\u00edtico con algunos integrantes del PE con lo que tiene que ver con el rol y el papel de las empresas p\u00fablicas. Por tanto convocamos a todos los trabajadores de Antel a participar en esta movilizaci\u00f3n.<\/p>\n<p lang=\"es-ES\"><strong>Fuente:<\/strong>&nbsp;http:\/\/pitcnt.uy\/sala-de-prensa\/item\/2130-paro-y-movilizacion-de-sutel<\/p>\n<\/div>\n<\/div>\n","protected":false},"excerpt":{"rendered":"<p>Paro y movilizaci\u00f3n de SUTEL &nbsp;El sindicato de la empresa estatal de las telecomunicaciones realizar\u00e1 un paro general de 24 horas el pr\u00f3ximo 30 de mayo. La plataforma abarca la &#8230;<\/p>\n","protected":false},"author":7,"featured_media":8531,"comment_status":"closed","ping_status":"closed","sticky":false,"template":"","format":"standard","meta":{"pagelayer_contact_templates":[],"_pagelayer_content":"","footnotes":""},"categories":[32],"tags":[],"class_list":["post-8530","post","type-post","status-publish","format-standard","has-post-thumbnail","hentry","category-noticias-destacadas"],"_links":{"self":[{"href":"https:\/\/www.sutel.com.uy\/index.php?rest_route=\/wp\/v2\/posts\/8530","targetHints":{"allow":["GET"]}}],"collection":[{"href":"https:\/\/www.sutel.com.uy\/index.php?rest_route=\/wp\/v2\/posts"}],"about":[{"href":"https:\/\/www.sutel.com.uy\/index.php?rest_route=\/wp\/v2\/types\/post"}],"author":[{"embeddable":true,"href":"https:\/\/www.sutel.com.uy\/index.php?rest_route=\/wp\/v2\/users\/7"}],"replies":[{"embeddable":true,"href":"https:\/\/www.sutel.com.uy\/index.php?rest_route=%2Fwp%2Fv2%2Fcomments&post=8530"}],"version-history":[{"count":1,"href":"https:\/\/www.sutel.com.uy\/index.php?rest_route=\/wp\/v2\/posts\/8530\/revisions"}],"predecessor-version":[{"id":8532,"href":"https:\/\/www.sutel.com.uy\/index.php?rest_route=\/wp\/v2\/posts\/8530\/revisions\/8532"}],"wp:featuredmedia":[{"embeddable":true,"href":"https:\/\/www.sutel.com.uy\/index.php?rest_route=\/wp\/v2\/media\/8531"}],"wp:attachment":[{"href":"https:\/\/www.sutel.com.uy\/index.php?rest_route=%2Fwp%2Fv2%2Fmedia&parent=8530"}],"wp:term":[{"taxonomy":"category","embeddable":true,"href":"https:\/\/www.sutel.com.uy\/index.php?rest_route=%2Fwp%2Fv2%2Fcategories&post=8530"},{"taxonomy":"post_tag","embeddable":true,"href":"https:\/\/www.sutel.com.uy\/index.php?rest_route=%2Fwp%2Fv2%2Ftags&post=8530"}],"curies":[{"name":"wp","href":"https:\/\/api.w.org\/{rel}","templated":true}]}}