{"id":8527,"date":"2017-05-29T15:51:44","date_gmt":"2017-05-29T18:51:44","guid":{"rendered":"http:\/\/www.sutel.com.uy\/?p=8527"},"modified":"2017-05-29T15:51:44","modified_gmt":"2017-05-29T18:51:44","slug":"caras-caretas-paro-de-24-horas-en-antel-este-martes-por-inversion-publica","status":"publish","type":"post","link":"https:\/\/www.sutel.com.uy\/?p=8527","title":{"rendered":"Caras &#038; Caretas: Paro de 24 horas en Antel este martes por inversi\u00f3n p\u00fablica"},"content":{"rendered":"<header class=\"entry-header clearfix\">\n<div class=\"entry-excerpt clearfix\">\n<p>Sutel reclama por el reconocimiento de una partida para unos 700 funcionarios.<\/p>\n<\/div>\n<\/header>\n<div class=\"entry-thumbnail\"><img loading=\"lazy\" decoding=\"async\" class=\"attachment-content-single size-content-single wp-post-image\" src=\"http:\/\/www.carasycaretas.com.uy\/wp-content\/uploads\/2017\/05\/DAN_8271-777x437.jpg\" sizes=\"auto, (max-width: 777px) 100vw, 777px\" srcset=\"http:\/\/www.carasycaretas.com.uy\/wp-content\/uploads\/2017\/05\/DAN_8271-777x437.jpg 777w, http:\/\/www.carasycaretas.com.uy\/wp-content\/uploads\/2017\/05\/DAN_8271-260x146.jpg 260w, http:\/\/www.carasycaretas.com.uy\/wp-content\/uploads\/2017\/05\/DAN_8271-120x67.jpg 120w, http:\/\/www.carasycaretas.com.uy\/wp-content\/uploads\/2017\/05\/DAN_8271-373x210.jpg 373w, http:\/\/www.carasycaretas.com.uy\/wp-content\/uploads\/2017\/05\/DAN_8271-180x101.jpg 180w\" alt=\"\" width=\"777\" height=\"437\"><span class=\"wp-caption-text\">Gabriel Molina explic\u00f3 que la medida tiene como primer objetivo la defensa de las empresas p\u00fablicas. Foto: Dante Fern\u00e1ndez.<\/span><\/div>\n<div class=\"entry-meta\">&nbsp;<\/div>\n<div class=\"entry-meta\"><span class=\"entry-meta-date updated\">DOMINGO 28 DE MAYO DE 2017<\/span><\/p>\n<div class=\"a2a_kit a2a_kit_size_16 addtoany_list\" data-a2a-url=\"http:\/\/www.carasycaretas.com.uy\/paro-24-horas-antel-este-martes-inversion-publica\/\" data-a2a-title=\"Paro de 24 horas en Antel este martes por inversi\u00f3n p\u00fablica\">&nbsp;<\/div>\n<\/div>\n<div class=\"entry-content clearfix\">\n<p>Los trabajadores de las telecomunicaciones realizar\u00e1n un <a href=\"http:\/\/www.pitcnt.uy\/sala-de-prensa\/item\/2130-paro-y-movilizacion-de-sutel\" target=\"_blank\" rel=\"noopener noreferrer\">paro general de 24 horas el pr\u00f3ximo martes 30 de mayo<\/a>, en &nbsp;defensa de las empresas p\u00fablicas, inversi\u00f3n p\u00fablica y el reconocimiento de una partida para unos 700 trabajadores.<\/p>\n<div class=\"teads-inread\">\n<p>El paro se realizar\u00e1 en el interior de 0 a 24 horas y en Montevideo de 10 de la ma\u00f1ana a 10 del d\u00eda siguiente, \u201cpara que el paro sea realmente importante y no se generen dificultades a los usuarios\u201d, explic\u00f3 Gabriel Molina, presidente del Sindicato \u00danico de Telecomunicaciones (Sutel).<\/p>\n<p>Durante la paralizaci\u00f3n se realizar\u00e1 una concentraci\u00f3n en la Torre de Antel y desde all\u00ed se marchar\u00e1 hacia el Ministerio de Trabajo y Seguridad Social (MTSS) donde se entregar\u00e1 una carpeta con documentaci\u00f3n sobre los reclamos. Posteriormente la marcha se dirigir\u00e1 hasta la Torre Ejecutiva, donde se procurar\u00e1 tambi\u00e9n entregar la documentaci\u00f3n al Poder Ejecutivo.<\/p>\n<p>La plataforma de los trabajadores consta de los siguientes puntos:<\/p>\n<\/div>\n<p><em>1) En defensa de las empresas p\u00fablicas y por m\u00e1s inversi\u00f3n p\u00fablica.<\/em><\/p>\n<p><em>2) El respeto a lo acordado en los Consejos de Salarios y el convenio colectivo.<\/em><\/p>\n<p><em>3) Terminar con las tercerizaciones e ingreso de personal genuino.<\/em><\/p>\n<p><em>4) Por aumento salarial para los compa\u00f1eros de nuestro call center.<\/em><\/p>\n<p><em>5) Trabajar por un convenio colectivo.<\/em><\/p>\n<\/div>\n<p><strong>FUENTE <\/strong>:&nbsp;http:\/\/www.carasycaretas.com.uy\/paro-24-horas-antel-este-martes-inversion-publica\/<\/p>\n","protected":false},"excerpt":{"rendered":"<p>Sutel reclama por el reconocimiento de una partida para unos 700 funcionarios. Gabriel Molina explic\u00f3 que la medida tiene como primer objetivo la defensa de las empresas p\u00fablicas. Foto: Dante &#8230;<\/p>\n","protected":false},"author":7,"featured_media":8528,"comment_status":"closed","ping_status":"closed","sticky":false,"template":"","format":"standard","meta":{"pagelayer_contact_templates":[],"_pagelayer_content":"","footnotes":""},"categories":[32],"tags":[],"class_list":["post-8527","post","type-post","status-publish","format-standard","has-post-thumbnail","hentry","category-noticias-destacadas"],"_links":{"self":[{"href":"https:\/\/www.sutel.com.uy\/index.php?rest_route=\/wp\/v2\/posts\/8527","targetHints":{"allow":["GET"]}}],"collection":[{"href":"https:\/\/www.sutel.com.uy\/index.php?rest_route=\/wp\/v2\/posts"}],"about":[{"href":"https:\/\/www.sutel.com.uy\/index.php?rest_route=\/wp\/v2\/types\/post"}],"author":[{"embeddable":true,"href":"https:\/\/www.sutel.com.uy\/index.php?rest_route=\/wp\/v2\/users\/7"}],"replies":[{"embeddable":true,"href":"https:\/\/www.sutel.com.uy\/index.php?rest_route=%2Fwp%2Fv2%2Fcomments&post=8527"}],"version-history":[{"count":1,"href":"https:\/\/www.sutel.com.uy\/index.php?rest_route=\/wp\/v2\/posts\/8527\/revisions"}],"predecessor-version":[{"id":8529,"href":"https:\/\/www.sutel.com.uy\/index.php?rest_route=\/wp\/v2\/posts\/8527\/revisions\/8529"}],"wp:featuredmedia":[{"embeddable":true,"href":"https:\/\/www.sutel.com.uy\/index.php?rest_route=\/wp\/v2\/media\/8528"}],"wp:attachment":[{"href":"https:\/\/www.sutel.com.uy\/index.php?rest_route=%2Fwp%2Fv2%2Fmedia&parent=8527"}],"wp:term":[{"taxonomy":"category","embeddable":true,"href":"https:\/\/www.sutel.com.uy\/index.php?rest_route=%2Fwp%2Fv2%2Fcategories&post=8527"},{"taxonomy":"post_tag","embeddable":true,"href":"https:\/\/www.sutel.com.uy\/index.php?rest_route=%2Fwp%2Fv2%2Ftags&post=8527"}],"curies":[{"name":"wp","href":"https:\/\/api.w.org\/{rel}","templated":true}]}}