{"id":8390,"date":"2017-05-25T17:43:46","date_gmt":"2017-05-25T20:43:46","guid":{"rendered":"http:\/\/www.sutel.com.uy\/?p=8390"},"modified":"2017-05-25T17:50:26","modified_gmt":"2017-05-25T20:50:26","slug":"reunion-ejecutivos-de-ventas-area-corporativa","status":"publish","type":"post","link":"https:\/\/www.sutel.com.uy\/?p=8390","title":{"rendered":"Reuni\u00f3n Ejecutivos de Ventas \u00c1rea Corporativa"},"content":{"rendered":"<p>&nbsp;<\/p>\n<p><img loading=\"lazy\" decoding=\"async\" class=\"alignnone size-medium wp-image-7533\" src=\"https:\/\/www.sutel.com.uy\/wp-content\/uploads\/2017\/03\/cabezal-1-300x64.jpg\" alt=\"\" width=\"300\" height=\"64\" srcset=\"https:\/\/www.sutel.com.uy\/wp-content\/uploads\/2017\/03\/cabezal-1-300x64.jpg 300w, https:\/\/www.sutel.com.uy\/wp-content\/uploads\/2017\/03\/cabezal-1-600x127.jpg 600w, https:\/\/www.sutel.com.uy\/wp-content\/uploads\/2017\/03\/cabezal-1.jpg 698w\" sizes=\"auto, (max-width: 300px) 100vw, 300px\" \/><\/p>\n<p><strong>Compa\u00f1ero\/a Delegado:<\/strong><\/p>\n<p>El 1ro. de junio se reunir\u00e1 la Comisi\u00f3n Ejecutivos de Ventas \u00c1rea Corporativa a nivel Nacional<\/p>\n<p><strong>Participaci\u00f3n:<\/strong><\/p>\n<p>4 compa\u00f1eros por Montevideo<\/p>\n<p>1 compa\u00f1ero por el Distrito Este<\/p>\n<p>1 compa\u00f1ero por el Distrito Oeste<\/p>\n<p>1 compa\u00f1ero por el Distrito Centro<\/p>\n<p>1 compa\u00f1ero por el Distrito Norte<\/p>\n<p>Solicitamos a los delegados informar a los compa\u00f1eros del sector.<\/p>\n<p>Asimismo, aquellos compa\u00f1eros que participen deber\u00e1n comunicarse con SUTEL al 24022332 antes del d\u00eda 29 de mayo a las 17 horas.<\/p>\n<p><strong>Mesa Ejecutiva<\/strong><\/p>\n<p>&nbsp;<\/p>\n<p>&nbsp;<\/p>\n<p>&nbsp;<\/p>\n","protected":false},"excerpt":{"rendered":"<p>&nbsp; Compa\u00f1ero\/a Delegado: El 1ro. de junio se reunir\u00e1 la Comisi\u00f3n Ejecutivos de Ventas \u00c1rea Corporativa a nivel Nacional Participaci\u00f3n: 4 compa\u00f1eros por Montevideo 1 compa\u00f1ero por el Distrito Este &#8230;<\/p>\n","protected":false},"author":45,"featured_media":1588,"comment_status":"closed","ping_status":"closed","sticky":false,"template":"","format":"standard","meta":{"pagelayer_contact_templates":[],"_pagelayer_content":"","footnotes":""},"categories":[32],"tags":[],"class_list":["post-8390","post","type-post","status-publish","format-standard","has-post-thumbnail","hentry","category-noticias-destacadas"],"_links":{"self":[{"href":"https:\/\/www.sutel.com.uy\/index.php?rest_route=\/wp\/v2\/posts\/8390","targetHints":{"allow":["GET"]}}],"collection":[{"href":"https:\/\/www.sutel.com.uy\/index.php?rest_route=\/wp\/v2\/posts"}],"about":[{"href":"https:\/\/www.sutel.com.uy\/index.php?rest_route=\/wp\/v2\/types\/post"}],"author":[{"embeddable":true,"href":"https:\/\/www.sutel.com.uy\/index.php?rest_route=\/wp\/v2\/users\/45"}],"replies":[{"embeddable":true,"href":"https:\/\/www.sutel.com.uy\/index.php?rest_route=%2Fwp%2Fv2%2Fcomments&post=8390"}],"version-history":[{"count":2,"href":"https:\/\/www.sutel.com.uy\/index.php?rest_route=\/wp\/v2\/posts\/8390\/revisions"}],"predecessor-version":[{"id":8392,"href":"https:\/\/www.sutel.com.uy\/index.php?rest_route=\/wp\/v2\/posts\/8390\/revisions\/8392"}],"wp:featuredmedia":[{"embeddable":true,"href":"https:\/\/www.sutel.com.uy\/index.php?rest_route=\/wp\/v2\/media\/1588"}],"wp:attachment":[{"href":"https:\/\/www.sutel.com.uy\/index.php?rest_route=%2Fwp%2Fv2%2Fmedia&parent=8390"}],"wp:term":[{"taxonomy":"category","embeddable":true,"href":"https:\/\/www.sutel.com.uy\/index.php?rest_route=%2Fwp%2Fv2%2Fcategories&post=8390"},{"taxonomy":"post_tag","embeddable":true,"href":"https:\/\/www.sutel.com.uy\/index.php?rest_route=%2Fwp%2Fv2%2Ftags&post=8390"}],"curies":[{"name":"wp","href":"https:\/\/api.w.org\/{rel}","templated":true}]}}