{"id":8162,"date":"2017-05-19T21:45:57","date_gmt":"2017-05-20T00:45:57","guid":{"rendered":"http:\/\/www.sutel.com.uy\/?p=8162"},"modified":"2017-05-19T21:45:57","modified_gmt":"2017-05-20T00:45:57","slug":"plenario-de-maldonado-marcha-del-silencio","status":"publish","type":"post","link":"https:\/\/www.sutel.com.uy\/?p=8162","title":{"rendered":"Plenario de Maldonado &#8211; Marcha del silencio"},"content":{"rendered":"<div id=\"js_3w2\" class=\"_5pbx userContent\" data-ft=\"{&quot;tn&quot;:&quot;K&quot;}\">\n<p>Plenario de Maldonado en actividades de cara a la gran marcha del d\u00eda s\u00e1bado 20 de mayo por verdad memoria y justicia&#8230; Sutel siempre presente!!!<\/p>\n<p>Agradecemos a los compa\u00f1eros de maldonado por la cobertura.<\/p>\n<p>VAMOS POR MAS!!!&nbsp;<\/p>\n<\/div>\n<div class=\"_3x-2\">[ngg_images source=\u00bbgalleries\u00bb container_ids=\u00bb73&#8243; display_type=\u00bbphotocrati-nextgen_basic_thumbnails\u00bb override_thumbnail_settings=\u00bb0&#8243; thumbnail_width=\u00bb240&#8243; thumbnail_height=\u00bb160&#8243; thumbnail_crop=\u00bb1&#8243; images_per_page=\u00bb20&#8243; number_of_columns=\u00bb0&#8243; ajax_pagination=\u00bb0&#8243; show_all_in_lightbox=\u00bb0&#8243; use_imagebrowser_effect=\u00bb0&#8243; show_slideshow_link=\u00bb1&#8243; slideshow_link_text=\u00bb[Mostrar presentaci\u00f3n de diapositivas]\u00bb order_by=\u00bbsortorder\u00bb order_direction=\u00bbASC\u00bb returns=\u00bbincluded\u00bb maximum_entity_count=\u00bb500&#8243;]<\/div>\n","protected":false},"excerpt":{"rendered":"<p>Plenario de Maldonado en actividades de cara a la gran marcha del d\u00eda s\u00e1bado 20 de mayo por verdad memoria y justicia&#8230; Sutel siempre presente!!! Agradecemos a los compa\u00f1eros de &#8230;<\/p>\n","protected":false},"author":7,"featured_media":8175,"comment_status":"closed","ping_status":"closed","sticky":false,"template":"","format":"standard","meta":{"pagelayer_contact_templates":[],"_pagelayer_content":"","footnotes":""},"categories":[32,17],"tags":[],"class_list":["post-8162","post","type-post","status-publish","format-standard","has-post-thumbnail","hentry","category-noticias-destacadas","category-noticias-sindicales"],"_links":{"self":[{"href":"https:\/\/www.sutel.com.uy\/index.php?rest_route=\/wp\/v2\/posts\/8162","targetHints":{"allow":["GET"]}}],"collection":[{"href":"https:\/\/www.sutel.com.uy\/index.php?rest_route=\/wp\/v2\/posts"}],"about":[{"href":"https:\/\/www.sutel.com.uy\/index.php?rest_route=\/wp\/v2\/types\/post"}],"author":[{"embeddable":true,"href":"https:\/\/www.sutel.com.uy\/index.php?rest_route=\/wp\/v2\/users\/7"}],"replies":[{"embeddable":true,"href":"https:\/\/www.sutel.com.uy\/index.php?rest_route=%2Fwp%2Fv2%2Fcomments&post=8162"}],"version-history":[{"count":1,"href":"https:\/\/www.sutel.com.uy\/index.php?rest_route=\/wp\/v2\/posts\/8162\/revisions"}],"predecessor-version":[{"id":8176,"href":"https:\/\/www.sutel.com.uy\/index.php?rest_route=\/wp\/v2\/posts\/8162\/revisions\/8176"}],"wp:featuredmedia":[{"embeddable":true,"href":"https:\/\/www.sutel.com.uy\/index.php?rest_route=\/wp\/v2\/media\/8175"}],"wp:attachment":[{"href":"https:\/\/www.sutel.com.uy\/index.php?rest_route=%2Fwp%2Fv2%2Fmedia&parent=8162"}],"wp:term":[{"taxonomy":"category","embeddable":true,"href":"https:\/\/www.sutel.com.uy\/index.php?rest_route=%2Fwp%2Fv2%2Fcategories&post=8162"},{"taxonomy":"post_tag","embeddable":true,"href":"https:\/\/www.sutel.com.uy\/index.php?rest_route=%2Fwp%2Fv2%2Ftags&post=8162"}],"curies":[{"name":"wp","href":"https:\/\/api.w.org\/{rel}","templated":true}]}}