{"id":6952,"date":"2017-01-19T10:53:05","date_gmt":"2017-01-19T13:53:05","guid":{"rendered":"http:\/\/www.sutel.com.uy\/?p=6952"},"modified":"2017-01-20T00:52:10","modified_gmt":"2017-01-20T03:52:10","slug":"ajuste-salarial-enero-2017","status":"publish","type":"post","link":"https:\/\/www.sutel.com.uy\/?p=6952","title":{"rendered":"AJUSTE SALARIAL ENERO 2017"},"content":{"rendered":"<p><img loading=\"lazy\" decoding=\"async\" class=\"aligncenter wp-image-2495 size-full\" src=\"https:\/\/www.sutel.com.uy\/wp-content\/uploads\/2016\/09\/cabezal-1.jpg\" alt=\"cabezal\" width=\"633\" height=\"125\" srcset=\"https:\/\/www.sutel.com.uy\/wp-content\/uploads\/2016\/09\/cabezal-1.jpg 633w, https:\/\/www.sutel.com.uy\/wp-content\/uploads\/2016\/09\/cabezal-1-300x59.jpg 300w, https:\/\/www.sutel.com.uy\/wp-content\/uploads\/2016\/09\/cabezal-1-600x118.jpg 600w\" sizes=\"auto, (max-width: 633px) 100vw, 633px\" \/><\/p>\n<p>AJUSTE SALARIAL A PARTIR DE ENERO 2017<\/p>\n<p>Seg\u00fan el convenio colectivo entre la Mesa Sindical Coordinadora de Entes y el Poder Ejecutivo, el aumento salarial que rige a partir de enero 2017 es el siguiente:<\/p>\n<p><u>8,5 % en el valor punto<\/u>. Esto surge de la suma de la inflaci\u00f3n que fue del 8,1 % &#8211; 0,4 % de recuperaci\u00f3n salarial seg\u00fan lo convenido.<\/p>\n<p><u>El vi\u00e1tico de alimentaci\u00f3n<\/u> que se ajusta por el \u00edndice de comidas fuera del hogar (IFCH) tiene un incremento de <u>11,22 %<\/u>.<\/p>\n","protected":false},"excerpt":{"rendered":"<p>AJUSTE SALARIAL A PARTIR DE ENERO 2017 Seg\u00fan el convenio colectivo entre la Mesa Sindical Coordinadora de Entes y el Poder Ejecutivo, el aumento salarial que rige a partir de &#8230;<\/p>\n","protected":false},"author":45,"featured_media":1063,"comment_status":"closed","ping_status":"closed","sticky":false,"template":"","format":"standard","meta":{"pagelayer_contact_templates":[],"_pagelayer_content":"","footnotes":""},"categories":[32,17],"tags":[],"class_list":["post-6952","post","type-post","status-publish","format-standard","has-post-thumbnail","hentry","category-noticias-destacadas","category-noticias-sindicales"],"_links":{"self":[{"href":"https:\/\/www.sutel.com.uy\/index.php?rest_route=\/wp\/v2\/posts\/6952","targetHints":{"allow":["GET"]}}],"collection":[{"href":"https:\/\/www.sutel.com.uy\/index.php?rest_route=\/wp\/v2\/posts"}],"about":[{"href":"https:\/\/www.sutel.com.uy\/index.php?rest_route=\/wp\/v2\/types\/post"}],"author":[{"embeddable":true,"href":"https:\/\/www.sutel.com.uy\/index.php?rest_route=\/wp\/v2\/users\/45"}],"replies":[{"embeddable":true,"href":"https:\/\/www.sutel.com.uy\/index.php?rest_route=%2Fwp%2Fv2%2Fcomments&post=6952"}],"version-history":[{"count":2,"href":"https:\/\/www.sutel.com.uy\/index.php?rest_route=\/wp\/v2\/posts\/6952\/revisions"}],"predecessor-version":[{"id":6957,"href":"https:\/\/www.sutel.com.uy\/index.php?rest_route=\/wp\/v2\/posts\/6952\/revisions\/6957"}],"wp:featuredmedia":[{"embeddable":true,"href":"https:\/\/www.sutel.com.uy\/index.php?rest_route=\/wp\/v2\/media\/1063"}],"wp:attachment":[{"href":"https:\/\/www.sutel.com.uy\/index.php?rest_route=%2Fwp%2Fv2%2Fmedia&parent=6952"}],"wp:term":[{"taxonomy":"category","embeddable":true,"href":"https:\/\/www.sutel.com.uy\/index.php?rest_route=%2Fwp%2Fv2%2Fcategories&post=6952"},{"taxonomy":"post_tag","embeddable":true,"href":"https:\/\/www.sutel.com.uy\/index.php?rest_route=%2Fwp%2Fv2%2Ftags&post=6952"}],"curies":[{"name":"wp","href":"https:\/\/api.w.org\/{rel}","templated":true}]}}