{"id":6501,"date":"2016-12-30T18:30:32","date_gmt":"2016-12-30T21:30:32","guid":{"rendered":"http:\/\/www.sutel.com.uy\/?p=6501"},"modified":"2016-12-30T18:30:32","modified_gmt":"2016-12-30T21:30:32","slug":"balance-de-los-companeros-del-sutta","status":"publish","type":"post","link":"https:\/\/www.sutel.com.uy\/?p=6501","title":{"rendered":"Balance de los compa\u00f1eros del  SUTTA"},"content":{"rendered":"<p><strong><u>Unidad, solidaridad y lucha: un desaf\u00edo<\/u><\/strong><\/p>\n<p>El 2016 fue un a\u00f1o de much\u00edsima actividad sindical, ya que festejamos los 50 a\u00f1os de la unificaci\u00f3n del movimiento obrero, siendo nuestro PIT-CNT un ejemplo de unidad \u00fanico en el mundo.<\/p>\n<p>&nbsp;&nbsp; Pero el 2016 tambi\u00e9n fue un a\u00f1o muy conflictivo, las pol\u00edticas instaladas por el MEF, como recorte presupuestal en las empresas p\u00fablicas y utilizar el salario como \u00fanica variable de ajuste, el intento de privatizaci\u00f3n del portland, el problema de los cincuentones, entre muchos otros, nos obligaron a movilizarnos y salir a la calle a defender nuestros derechos.<\/p>\n<p>&nbsp;&nbsp; No podemos dejar de nombrar el conflicto del gas que dur\u00f3 cerca de 40 d\u00edas, donde la intransigencia y prepotencia patronal queda en evidencia cuando saca a la prensa datos err\u00f3neos sobre los salarios del sector, ni dejar de celebrar la lucha de Sutel contra el intento de la empresa Claro de evadir la ley de medios y apropiarse de un sector de actividad monop\u00f3lico defendido por la ley y por el pueblo en varias oportunidades<\/p>\n<p>&nbsp;&nbsp; Tampoco queremos dejar de mencionar el tr\u00e1gico fallecimiento en un accidente de tr\u00e1nsito de una compa\u00f1era tercerizada de Antel, cuando por trabajo, se desplazaba de Paysand\u00fa a Montevideo, o de cuatro compa\u00f1eros en un incendio en Toledo de un galp\u00f3n irregular, que oficiaba como dep\u00f3sito de fuegos artificiales de la empresa Meteoro, que no contaba con la habilitaci\u00f3n de Bomberos, ni contaba con las medidas m\u00ednimas de seguridad para manipular este tipo de materiales. Esta situaci\u00f3n ya hab\u00eda sido denunciada por FUECYS en 2011. La negligencia empresarial vuelve a costarle la vida a nuestros compa\u00f1eros y somos conscientes que este tipo de tragedias pudieron ser evitadas.<\/p>\n<p>Nuestra solidaridad y nuestro apoyo con los familiares y amigos de las v\u00edctimas.<\/p>\n<p>Por otro lado un dirigente del SUM fue citado a declarar ante la Justicia por la filtraci\u00f3n de un audio de Whatsapp, en el cu\u00e1l la jerga popular le juega una mala pasada, mostrando la rapidez que se tiene para actuar en ciertos casos y como se mira para otro lado en otros.<\/p>\n<p>&nbsp;&nbsp;&nbsp; Adem\u00e1s queremos destacar la lucha incansable que han llevado adelante los compa\u00f1eros del supermercadismo, que realizaron cerca de 200 trancazos con una reivindicaci\u00f3n por dem\u00e1s genuina y humilde como lo es el reclamo de un salario digno.<\/p>\n<p>&nbsp; &nbsp;Como ya pod\u00eda saberse, desde la difusi\u00f3n de las pautas salariales para esta ronda de consejos de salario, el PIT-CNT preve\u00eda una alta conflictividad.<\/p>\n<p>Nuestro sector (19 02) no fue ajeno a esto, ya que hubo escaso o nulo margen de negociaci\u00f3n, teniendo por momentos m\u00e1s resistencia por parte de Ejecutivo que de las propias C\u00e1maras de Comercio.<\/p>\n<p>Hoy tenemos un convenio colectivo que se aleja mucho de la plataforma inicial, donde el Poder Ejecutivo no ha dado el brazo a torcer en determinados puntos, como por ejemplo la estabilidad laboral, que para nosotros era&nbsp; un punto clave.<\/p>\n<p>&nbsp;&nbsp; A esta altura, esta claro compa\u00f1eros que la \u00fanica v\u00eda para lograr cambios significativos es estando todos juntos y unidos atr\u00e1s de una misma consigna: \u00a1NO A LA TERCERIZACI\u00d3N!.<\/p>\n<p>El pr\u00f3ximo, ser\u00e1 un a\u00f1o decisivo para lograrlo.<\/p>\n<p>Desde el SUTTA ya se vienen realizando asambleas informativas tanto en Montevideo como en el interior, para acercar la problem\u00e1tica y acumular fuerzas para esta lucha. En este punto, la concientizaci\u00f3n, participaci\u00f3n y compromiso de todos los compa\u00f1eros tercerizados y funcionarios es clave para que todos los trabajadores tengamos al fin los mismos derechos.<\/p>\n<p>&nbsp;<\/p>\n<p>Dami\u00e1n Albornoz &nbsp; &nbsp; &nbsp; &nbsp; &nbsp; &nbsp; Francisco Beltranchini<\/p>\n","protected":false},"excerpt":{"rendered":"<p>Unidad, solidaridad y lucha: un desaf\u00edo El 2016 fue un a\u00f1o de much\u00edsima actividad sindical, ya que festejamos los 50 a\u00f1os de la unificaci\u00f3n del movimiento obrero, siendo nuestro PIT-CNT &#8230;<\/p>\n","protected":false},"author":7,"featured_media":6502,"comment_status":"closed","ping_status":"closed","sticky":false,"template":"","format":"standard","meta":{"pagelayer_contact_templates":[],"_pagelayer_content":"","footnotes":""},"categories":[32,17],"tags":[],"class_list":["post-6501","post","type-post","status-publish","format-standard","has-post-thumbnail","hentry","category-noticias-destacadas","category-noticias-sindicales"],"_links":{"self":[{"href":"https:\/\/www.sutel.com.uy\/index.php?rest_route=\/wp\/v2\/posts\/6501","targetHints":{"allow":["GET"]}}],"collection":[{"href":"https:\/\/www.sutel.com.uy\/index.php?rest_route=\/wp\/v2\/posts"}],"about":[{"href":"https:\/\/www.sutel.com.uy\/index.php?rest_route=\/wp\/v2\/types\/post"}],"author":[{"embeddable":true,"href":"https:\/\/www.sutel.com.uy\/index.php?rest_route=\/wp\/v2\/users\/7"}],"replies":[{"embeddable":true,"href":"https:\/\/www.sutel.com.uy\/index.php?rest_route=%2Fwp%2Fv2%2Fcomments&post=6501"}],"version-history":[{"count":1,"href":"https:\/\/www.sutel.com.uy\/index.php?rest_route=\/wp\/v2\/posts\/6501\/revisions"}],"predecessor-version":[{"id":6503,"href":"https:\/\/www.sutel.com.uy\/index.php?rest_route=\/wp\/v2\/posts\/6501\/revisions\/6503"}],"wp:featuredmedia":[{"embeddable":true,"href":"https:\/\/www.sutel.com.uy\/index.php?rest_route=\/wp\/v2\/media\/6502"}],"wp:attachment":[{"href":"https:\/\/www.sutel.com.uy\/index.php?rest_route=%2Fwp%2Fv2%2Fmedia&parent=6501"}],"wp:term":[{"taxonomy":"category","embeddable":true,"href":"https:\/\/www.sutel.com.uy\/index.php?rest_route=%2Fwp%2Fv2%2Fcategories&post=6501"},{"taxonomy":"post_tag","embeddable":true,"href":"https:\/\/www.sutel.com.uy\/index.php?rest_route=%2Fwp%2Fv2%2Ftags&post=6501"}],"curies":[{"name":"wp","href":"https:\/\/api.w.org\/{rel}","templated":true}]}}