{"id":4384,"date":"2016-11-14T17:16:01","date_gmt":"2016-11-14T20:16:01","guid":{"rendered":"http:\/\/www.sutel.com.uy\/?p=4384"},"modified":"2016-11-14T17:54:29","modified_gmt":"2016-11-14T20:54:29","slug":"inscripciones-a-la-colonia-de-vacaciones-sutel-5-de-diciembre","status":"publish","type":"post","link":"https:\/\/www.sutel.com.uy\/?p=4384","title":{"rendered":"Inscripciones  5 de diciembre &#8211; Colonia de Verano 2017"},"content":{"rendered":"<p><img loading=\"lazy\" decoding=\"async\" class=\"alignnone size-full wp-image-2495\" src=\"https:\/\/www.sutel.com.uy\/wp-content\/uploads\/2016\/09\/cabezal-1.jpg\" alt=\"cabezal\" width=\"633\" height=\"125\" srcset=\"https:\/\/www.sutel.com.uy\/wp-content\/uploads\/2016\/09\/cabezal-1.jpg 633w, https:\/\/www.sutel.com.uy\/wp-content\/uploads\/2016\/09\/cabezal-1-300x59.jpg 300w, https:\/\/www.sutel.com.uy\/wp-content\/uploads\/2016\/09\/cabezal-1-600x118.jpg 600w\" sizes=\"auto, (max-width: 633px) 100vw, 633px\" \/><\/p>\n<p class=\"western\" lang=\"es-ES\" align=\"center\"><span style=\"font-size: large;\"><u><b>COLONIA DE VERANO 2017<\/b><\/u><\/span><\/p>\n<p class=\"western\" lang=\"es-ES\"><span style=\"font-size: medium;\">En funci\u00f3n de un ACUERDO establecido con el Consejo de Educaci\u00f3n Primaria, el <\/span><span style=\"font-size: medium;\"><u><b>HORARIO MATUTINO<\/b><\/u><\/span><span style=\"font-size: medium;\"> ser\u00e1 utilizado por los ni\u00f1os del <\/span><span style=\"font-size: medium;\"><u><b>VERANO EDUCATIVO<\/b><\/u><\/span><span style=\"font-size: medium;\">. <\/span><\/p>\n<p class=\"western\" lang=\"es-ES\"><span style=\"font-size: medium;\"><b>La Colonia de Verano a cargo de SUTEL estar\u00e1 ubicada <\/b><\/span><span style=\"font-size: medium;\"><u><b>UNICAMENTE en el TURNO VESPERTINO y<\/b><\/u><\/span><span style=\"font-size: medium;\"><b> las INSCRIPCIONES para la misma comenzar\u00e1n el 5 de Diciembre en los siguientes horarios: 9 a 12 \u00a0o \u00a016 a 19 hs<\/b><\/span><\/p>\n<p class=\"western\" lang=\"es-ES\"><span style=\"font-size: large;\"><u><b>VALORES CUOTAS:<\/b><\/u><\/span><\/p>\n<p class=\"western\" lang=\"es-ES\"><u> <\/u><span style=\"font-size: large;\"><u><b>PARTICULAR $ 3.500.- por MES<\/b><\/u><\/span><\/p>\n<p class=\"western\" lang=\"es-ES\"><u> <\/u><span style=\"font-size: large;\"><u><b>AFILIADOS $ 2.000.- por MES<\/b><\/u><\/span><\/p>\n<ul>\n<li>\n<p lang=\"es-ES\"><span style=\"font-size: large;\"><u><b>PAGO CONTADO(los 2 meses): 10% dto<\/b><\/u><\/span><span style=\"font-size: large;\"><b>: <\/b><\/span><\/p>\n<\/li>\n<\/ul>\n<p lang=\"es-ES\"><span style=\"font-size: large;\"><b>6.300.- Particular 3.600.- Afiliados<\/b><\/span><\/p>\n<ul>\n<li>\n<p lang=\"es-ES\"><span style=\"font-size: medium;\"><u><b>AFILIADOS: abarca hijos, nietos y\/o hermanos<\/b><\/u><\/span><span style=\"font-size: medium;\"><b>. Tambi\u00e9n se incluyen en esta categor\u00eda los hijos, nietos o hermanos de los FUNCIONARIOS de SUTEL. Si paga en dos cuotas: la primera al inscribir; la segunda del 1 al 10 de enero. Los afiliados pueden descontar en el Sueldo : si s\u00f3lo concurre un mes se env\u00eda en UNA sola cuota; si concurre los dos meses se descuenta en TRES cuotas de 1.333.- c\/u.<\/b><\/span><\/p>\n<\/li>\n<li>\n<p lang=\"es-ES\"><span style=\"font-size: large;\"><u><b>HORARIOS<\/b><\/u><\/span><span style=\"font-size: large;\"><b>: Lunes a Viernes <\/b><\/span><span style=\"font-size: x-large;\"><u><b>15 a 18<\/b><\/u><\/span><\/p>\n<\/li>\n<\/ul>\n<p lang=\"es-ES\"><span style=\"font-size: large;\"><b>3 Grupos en cada Turno (cupo 30 ni\u00f1os por nivel): <\/b><\/span><\/p>\n<p lang=\"es-ES\"><span style=\"font-size: large;\"><b>5 a 7 a\u00f1os; 8 a 10 a\u00f1os; 11 a 13 a\u00f1os.<\/b><\/span><\/p>\n<p lang=\"es-ES\">&#8212;&#8212;&#8212;&#8212;&#8212;&#8212;&#8212;&#8212;&#8212;&#8212;&#8212;&#8212;&#8212;&#8212;&#8212;&#8212;&#8212;&#8212;&#8212;&#8212;&#8212;&#8212;&#8212;&#8212;&#8212;&#8212;&#8212;&#8212;<\/p>\n<ul>\n<li>\n<p lang=\"es-ES\"><span style=\"font-size: large;\"><u><b>PISCINA LIBRE ADULTOS- 13 A 14 hs<\/b><\/u><\/span><span style=\"font-size: large;\"><b>. $ 1.000.- por mes Particular<\/b><\/span><\/p>\n<\/li>\n<\/ul>\n<p class=\"western\" lang=\"es-ES\"><span style=\"font-size: large;\"><b>$ 500.- por mes Afiliado <\/b><\/span><\/p>\n<ul>\n<li>\n<p lang=\"es-ES\"><span style=\"font-size: large;\"><u><b>Piscina ni\u00f1os 3 y 4 a\u00f1os- 14 a 14.45 hs<\/b><\/u><\/span><span style=\"font-size: large;\"><b>. $ 1.000.- por mes Particular<\/b><\/span><\/p>\n<\/li>\n<\/ul>\n<p class=\"western\" lang=\"es-ES\"><span style=\"font-size: large;\"><b>$ 500.- por mes Afiliado<\/b><\/span><\/p>\n<ul>\n<li>\n<p class=\"western\" lang=\"es-ES\"><span style=\"font-size: large;\"><u><b>HIDROGIMNASIA 18 A 19<\/b><\/u><\/span><span style=\"font-size: large;\"><b> $ 1.000.- Particular<\/b><\/span><\/p>\n<\/li>\n<\/ul>\n<p class=\"western\" lang=\"es-ES\"><span style=\"font-size: large;\"><b>$ 500.- Afiliado<\/b><\/span><\/p>\n<p class=\"western\" lang=\"es-ES\"><span style=\"font-size: large;\"><u><b>PISCINA LIBRE ADULTOS<\/b><\/u><\/span><span style=\"font-size: large;\"><b> 19 A 20 $ 1.000.- Particular <\/b><\/span><\/p>\n<p class=\"western\" lang=\"es-ES\"><span style=\"font-size: large;\"><b>$ 500.- Afiliado <\/b><\/span><\/p>\n","protected":false},"excerpt":{"rendered":"<p>COLONIA DE VERANO 2017 En funci\u00f3n de un ACUERDO establecido con el Consejo de Educaci\u00f3n Primaria, el HORARIO MATUTINO ser\u00e1 utilizado por los ni\u00f1os del VERANO EDUCATIVO. La Colonia de &#8230;<\/p>\n","protected":false},"author":7,"featured_media":4385,"comment_status":"closed","ping_status":"closed","sticky":false,"template":"","format":"standard","meta":{"pagelayer_contact_templates":[],"_pagelayer_content":"","footnotes":""},"categories":[32],"tags":[],"class_list":["post-4384","post","type-post","status-publish","format-standard","has-post-thumbnail","hentry","category-noticias-destacadas"],"_links":{"self":[{"href":"https:\/\/www.sutel.com.uy\/index.php?rest_route=\/wp\/v2\/posts\/4384","targetHints":{"allow":["GET"]}}],"collection":[{"href":"https:\/\/www.sutel.com.uy\/index.php?rest_route=\/wp\/v2\/posts"}],"about":[{"href":"https:\/\/www.sutel.com.uy\/index.php?rest_route=\/wp\/v2\/types\/post"}],"author":[{"embeddable":true,"href":"https:\/\/www.sutel.com.uy\/index.php?rest_route=\/wp\/v2\/users\/7"}],"replies":[{"embeddable":true,"href":"https:\/\/www.sutel.com.uy\/index.php?rest_route=%2Fwp%2Fv2%2Fcomments&post=4384"}],"version-history":[{"count":4,"href":"https:\/\/www.sutel.com.uy\/index.php?rest_route=\/wp\/v2\/posts\/4384\/revisions"}],"predecessor-version":[{"id":4392,"href":"https:\/\/www.sutel.com.uy\/index.php?rest_route=\/wp\/v2\/posts\/4384\/revisions\/4392"}],"wp:featuredmedia":[{"embeddable":true,"href":"https:\/\/www.sutel.com.uy\/index.php?rest_route=\/wp\/v2\/media\/4385"}],"wp:attachment":[{"href":"https:\/\/www.sutel.com.uy\/index.php?rest_route=%2Fwp%2Fv2%2Fmedia&parent=4384"}],"wp:term":[{"taxonomy":"category","embeddable":true,"href":"https:\/\/www.sutel.com.uy\/index.php?rest_route=%2Fwp%2Fv2%2Fcategories&post=4384"},{"taxonomy":"post_tag","embeddable":true,"href":"https:\/\/www.sutel.com.uy\/index.php?rest_route=%2Fwp%2Fv2%2Ftags&post=4384"}],"curies":[{"name":"wp","href":"https:\/\/api.w.org\/{rel}","templated":true}]}}