{"id":3894,"date":"2016-10-31T22:01:00","date_gmt":"2016-11-01T01:01:00","guid":{"rendered":"http:\/\/www.sutel.com.uy\/?p=3894"},"modified":"2016-10-31T22:01:00","modified_gmt":"2016-11-01T01:01:00","slug":"asambleas-en-los-locales-comerciales-de-carrasco-union-y-cerro","status":"publish","type":"post","link":"https:\/\/www.sutel.com.uy\/?p=3894","title":{"rendered":"Asambleas en los locales comerciales de Carrasco Uni\u00f3n y Cerro"},"content":{"rendered":"<p>Hoy se realizaron asambleas en los locales comerciales de Carrasco Uni\u00f3n y cerro de cara al paro del 4 de noviembre, la ley de medios y la situaci\u00f3n de antel<\/p>\n<p>Gracias a los delegados Diego Alonso, Emiliana Leymonie, Paola Pintos, Florencia Madera, Dayana Bazzan y Lourdes Rodr\u00edguez por mandaron la informaci\u00f3n y la cobertura fotogr\u00e1fica&#8230; y a todos los compa\u00f1eros por la buena onda&#8230;<\/p>\n<p>Vamos que vamos!!!!!<\/p>\n<p><img decoding=\"async\" class=\"ngg_displayed_gallery mceItem\" src=\"https:\/\/www.sutel.com.uy\/nextgen-attach_to_post\/preview\/id--3903\" data-mce-placeholder=\"1\" \/><\/p>\n","protected":false},"excerpt":{"rendered":"<p>Hoy se realizaron asambleas en los locales comerciales de Carrasco Uni\u00f3n y cerro de cara al paro del 4 de noviembre, la ley de medios y la situaci\u00f3n de antel &#8230;<\/p>\n","protected":false},"author":7,"featured_media":3904,"comment_status":"closed","ping_status":"closed","sticky":false,"template":"","format":"standard","meta":{"pagelayer_contact_templates":[],"_pagelayer_content":"","footnotes":""},"categories":[32,17],"tags":[],"class_list":["post-3894","post","type-post","status-publish","format-standard","has-post-thumbnail","hentry","category-noticias-destacadas","category-noticias-sindicales"],"_links":{"self":[{"href":"https:\/\/www.sutel.com.uy\/index.php?rest_route=\/wp\/v2\/posts\/3894","targetHints":{"allow":["GET"]}}],"collection":[{"href":"https:\/\/www.sutel.com.uy\/index.php?rest_route=\/wp\/v2\/posts"}],"about":[{"href":"https:\/\/www.sutel.com.uy\/index.php?rest_route=\/wp\/v2\/types\/post"}],"author":[{"embeddable":true,"href":"https:\/\/www.sutel.com.uy\/index.php?rest_route=\/wp\/v2\/users\/7"}],"replies":[{"embeddable":true,"href":"https:\/\/www.sutel.com.uy\/index.php?rest_route=%2Fwp%2Fv2%2Fcomments&post=3894"}],"version-history":[{"count":1,"href":"https:\/\/www.sutel.com.uy\/index.php?rest_route=\/wp\/v2\/posts\/3894\/revisions"}],"predecessor-version":[{"id":3905,"href":"https:\/\/www.sutel.com.uy\/index.php?rest_route=\/wp\/v2\/posts\/3894\/revisions\/3905"}],"wp:featuredmedia":[{"embeddable":true,"href":"https:\/\/www.sutel.com.uy\/index.php?rest_route=\/wp\/v2\/media\/3904"}],"wp:attachment":[{"href":"https:\/\/www.sutel.com.uy\/index.php?rest_route=%2Fwp%2Fv2%2Fmedia&parent=3894"}],"wp:term":[{"taxonomy":"category","embeddable":true,"href":"https:\/\/www.sutel.com.uy\/index.php?rest_route=%2Fwp%2Fv2%2Fcategories&post=3894"},{"taxonomy":"post_tag","embeddable":true,"href":"https:\/\/www.sutel.com.uy\/index.php?rest_route=%2Fwp%2Fv2%2Ftags&post=3894"}],"curies":[{"name":"wp","href":"https:\/\/api.w.org\/{rel}","templated":true}]}}