{"id":323,"date":"2015-10-26T20:34:44","date_gmt":"2015-10-26T23:34:44","guid":{"rendered":"http:\/\/www.sutel.com.uy\/?p=323"},"modified":"2015-11-23T15:47:00","modified_gmt":"2015-11-23T18:47:00","slug":"sindicatos-de-los-entes-paran-el-jueves-y-si-no-surge-una-propuesta-salarial-ese-dia-se-declaran-en-conflicto","status":"publish","type":"post","link":"https:\/\/www.sutel.com.uy\/?p=323","title":{"rendered":"Sindicatos de los entes paran el jueves y si no surge una propuesta salarial ese d\u00eda se declaran en conflicto"},"content":{"rendered":"<p>Los trabajadores nucleados en la Mesa Sindical Coordinadora de Entes (MSCE) detendr\u00e1n sus actividades el pr\u00f3ximo jueves 29 de octubre entre las 9 y las 14 horas y si el mi\u00e9rcoles 28 el gobierno no define el tema salarial comenzar\u00e1n un conflicto que afectar\u00e1 a todo el pa\u00eds.<\/p>\n<p>Artigas Gonz\u00e1lez, uno de los coordinadores de la MSCE en representaci\u00f3n de la Federaci\u00f3n Ancap (Fancap), le inform\u00f3 al Portal del PIT-CNT que cada gremio para cuatro horas y la banca oficial nucleada en la Asociaci\u00f3n de Empleados Bancarios del Uruguay (AEBU) detendr\u00e1 sus actividades entre las 11 y las 15 horas. A partir de las 10 horas se realizar\u00e1 una concentraci\u00f3n frente a la Torre Ejecutiva, en la Plaza independencia, luego se iniciar\u00e1 una marcha que tendr\u00e1 una primer parada en el Ministerio de Trabajo y Seguridad Social (MTSS) y finalizar\u00e1 con una parte oratoria en el Ministerio de Econom\u00eda y Finanzas (MEF).<\/p>\n<p>El dirigente agreg\u00f3 que ser\u00e1 uno de los oradores \u00a0junto a Isabel Pereira del Sindicato \u00danico de Telecomunicaciones (Sutel) y Oscar L\u00f3pez del Sindicato \u00danico Portuario Ramas Afines (Supra). La plataforma reivindicativa tiene los siguientes puntos: crecimiento salarial similar al porcentaje del Producto Bruto Interno (PBI); m\u00e1s y mejor negociaci\u00f3n colectiva; inversi\u00f3n en las empresas p\u00fablicas; ingreso de personal; y el rechazo a la Participaci\u00f3n P\u00fablico Privada (PPP).<\/p>\n<p>Gonz\u00e1lez manifest\u00f3 que las negociaciones \u00abest\u00e1n trancadas y no tenemos a\u00fan ninguna propuesta salarial. La MSCE le dio plazo al Poder Ejecutivo hasta el mi\u00e9rcoles 28 del corriente para que nos entregue una respuesta sobre el ajuste salarial. Si no obtenemos ninguna respuesta el mismo jueves en el acto que haremos frente al MEF los trabajadores de los entes nos declararemos en conflicto y le daremos inicio a un plan de movilizaciones. Los esfuerzos por el momento est\u00e1n puestos en la movilizaci\u00f3n del jueves y en el paro parcial que realizar\u00e1 el PIT-CNT el jueves 12 de noviembre. En este marco se ir\u00e1 evaluando la negociaci\u00f3n y las medidas a aplicar en el mediano y largo plazo\u00bb.<\/p>\n<p><a href=\"https:\/\/www.sutel.com.uy\/wp-content\/uploads\/2015\/10\/Sin-t\u00edtulo-1.jpg\"><img loading=\"lazy\" decoding=\"async\" class=\"alignnone size-medium wp-image-324\" style=\"-moz-box-shadow: 0px 0px 10px 5px #000; -webkit-box-shadow: 0px 0px #000; box-shadow: 0px 0px #000; ; behavior: url('https:\/\/www.sutel.com.uy\/wp-content\/plugins\/roundit\/pie\/PIE.php'); position: relative;\" src=\"https:\/\/www.sutel.com.uy\/wp-content\/uploads\/2015\/10\/Sin-t\u00edtulo-1-300x186.jpg\" alt=\"Sin t\u00edtulo-1\" width=\"300\" height=\"186\" srcset=\"https:\/\/www.sutel.com.uy\/wp-content\/uploads\/2015\/10\/Sin-t\u00edtulo-1-300x186.jpg 300w, https:\/\/www.sutel.com.uy\/wp-content\/uploads\/2015\/10\/Sin-t\u00edtulo-1.jpg 899w\" sizes=\"auto, (max-width: 300px) 100vw, 300px\" \/><\/a><\/p>\n","protected":false},"excerpt":{"rendered":"<p>Los trabajadores nucleados en la Mesa Sindical Coordinadora de Entes (MSCE) detendr\u00e1n sus actividades el pr\u00f3ximo jueves 29 de octubre entre las 9 y las 14 horas y si el &#8230;<\/p>\n","protected":false},"author":3,"featured_media":324,"comment_status":"closed","ping_status":"closed","sticky":false,"template":"","format":"standard","meta":{"pagelayer_contact_templates":[],"_pagelayer_content":"","footnotes":""},"categories":[1],"tags":[],"class_list":["post-323","post","type-post","status-publish","format-standard","has-post-thumbnail","hentry","category-otros"],"_links":{"self":[{"href":"https:\/\/www.sutel.com.uy\/index.php?rest_route=\/wp\/v2\/posts\/323","targetHints":{"allow":["GET"]}}],"collection":[{"href":"https:\/\/www.sutel.com.uy\/index.php?rest_route=\/wp\/v2\/posts"}],"about":[{"href":"https:\/\/www.sutel.com.uy\/index.php?rest_route=\/wp\/v2\/types\/post"}],"author":[{"embeddable":true,"href":"https:\/\/www.sutel.com.uy\/index.php?rest_route=\/wp\/v2\/users\/3"}],"replies":[{"embeddable":true,"href":"https:\/\/www.sutel.com.uy\/index.php?rest_route=%2Fwp%2Fv2%2Fcomments&post=323"}],"version-history":[{"count":1,"href":"https:\/\/www.sutel.com.uy\/index.php?rest_route=\/wp\/v2\/posts\/323\/revisions"}],"predecessor-version":[{"id":325,"href":"https:\/\/www.sutel.com.uy\/index.php?rest_route=\/wp\/v2\/posts\/323\/revisions\/325"}],"wp:featuredmedia":[{"embeddable":true,"href":"https:\/\/www.sutel.com.uy\/index.php?rest_route=\/wp\/v2\/media\/324"}],"wp:attachment":[{"href":"https:\/\/www.sutel.com.uy\/index.php?rest_route=%2Fwp%2Fv2%2Fmedia&parent=323"}],"wp:term":[{"taxonomy":"category","embeddable":true,"href":"https:\/\/www.sutel.com.uy\/index.php?rest_route=%2Fwp%2Fv2%2Fcategories&post=323"},{"taxonomy":"post_tag","embeddable":true,"href":"https:\/\/www.sutel.com.uy\/index.php?rest_route=%2Fwp%2Fv2%2Ftags&post=323"}],"curies":[{"name":"wp","href":"https:\/\/api.w.org\/{rel}","templated":true}]}}