{"id":1662,"date":"2016-06-03T18:02:44","date_gmt":"2016-06-03T21:02:44","guid":{"rendered":"http:\/\/www.sutel.com.uy\/?p=1662"},"modified":"2016-06-03T18:58:27","modified_gmt":"2016-06-03T21:58:27","slug":"ultimo-plazo-para-inscribirse-cnd-programatico","status":"publish","type":"post","link":"https:\/\/www.sutel.com.uy\/?p=1662","title":{"rendered":"Ultimo plazo para inscribirse CND programatico"},"content":{"rendered":"<p><a href=\"https:\/\/www.sutel.com.uy\/wp-content\/uploads\/2016\/06\/cabezal.jpg\"><img loading=\"lazy\" decoding=\"async\" class=\"alignnone wp-image-1663 size-full\" src=\"https:\/\/www.sutel.com.uy\/wp-content\/uploads\/2016\/06\/cabezal.jpg\" alt=\"cabezal\" width=\"698\" height=\"148\" srcset=\"https:\/\/www.sutel.com.uy\/wp-content\/uploads\/2016\/06\/cabezal.jpg 698w, https:\/\/www.sutel.com.uy\/wp-content\/uploads\/2016\/06\/cabezal-300x64.jpg 300w\" sizes=\"auto, (max-width: 698px) 100vw, 698px\" \/><\/a><\/p>\n<p><strong>Compa\u00f1ero\/a Delegado<\/strong><\/p>\n<p><strong>A\u00fan faltan confirmar la participaci\u00f3n de algunos delegados que representan a su sector,\u00a0 al Congreso Nacional de Delegados Program\u00e1tico que realizaremos el 10 y 11 de junio en la Colonia Rayg\u00f3n del BPS en San Jos\u00e9. <\/strong><\/p>\n<p><strong>Exhortamos a los delegados de los sectores que no han confirmado su participaci\u00f3n, y a los efectos organizativos deber\u00e1n realizar la misma hasta <u>el d\u00eda lunes 6 \u00a0de junio a las 17 horas llamando a Sutel (24022332) con Mauricio o Andr\u00e9s, o en su defecto pasando la confirmaci\u00f3n por correo electr\u00f3nico o fax.<\/u><\/strong><\/p>\n<p><strong><a href=\"https:\/\/www.sutel.com.uy\/blog\/2016\/05\/31\/congreso-nacional-de-delegados-programatico\/\" target=\"_blank\">https:\/\/www.sutel.com.uy\/blog\/2016\/05\/31\/congreso-nacional-de-delegados-programatico\/<\/a><\/strong><\/p>\n<p><strong>Augusto Larrosa<\/strong><\/p>\n<p><strong>Secretario<\/strong><\/p>\n","protected":false},"excerpt":{"rendered":"<p>Compa\u00f1ero\/a Delegado A\u00fan faltan confirmar la participaci\u00f3n de algunos delegados que representan a su sector,\u00a0 al Congreso Nacional de Delegados Program\u00e1tico que realizaremos el 10 y 11 de junio en &#8230;<\/p>\n","protected":false},"author":7,"featured_media":1137,"comment_status":"closed","ping_status":"closed","sticky":false,"template":"","format":"standard","meta":{"pagelayer_contact_templates":[],"_pagelayer_content":"","footnotes":""},"categories":[17],"tags":[],"class_list":["post-1662","post","type-post","status-publish","format-standard","has-post-thumbnail","hentry","category-noticias-sindicales"],"_links":{"self":[{"href":"https:\/\/www.sutel.com.uy\/index.php?rest_route=\/wp\/v2\/posts\/1662","targetHints":{"allow":["GET"]}}],"collection":[{"href":"https:\/\/www.sutel.com.uy\/index.php?rest_route=\/wp\/v2\/posts"}],"about":[{"href":"https:\/\/www.sutel.com.uy\/index.php?rest_route=\/wp\/v2\/types\/post"}],"author":[{"embeddable":true,"href":"https:\/\/www.sutel.com.uy\/index.php?rest_route=\/wp\/v2\/users\/7"}],"replies":[{"embeddable":true,"href":"https:\/\/www.sutel.com.uy\/index.php?rest_route=%2Fwp%2Fv2%2Fcomments&post=1662"}],"version-history":[{"count":4,"href":"https:\/\/www.sutel.com.uy\/index.php?rest_route=\/wp\/v2\/posts\/1662\/revisions"}],"predecessor-version":[{"id":1667,"href":"https:\/\/www.sutel.com.uy\/index.php?rest_route=\/wp\/v2\/posts\/1662\/revisions\/1667"}],"wp:featuredmedia":[{"embeddable":true,"href":"https:\/\/www.sutel.com.uy\/index.php?rest_route=\/wp\/v2\/media\/1137"}],"wp:attachment":[{"href":"https:\/\/www.sutel.com.uy\/index.php?rest_route=%2Fwp%2Fv2%2Fmedia&parent=1662"}],"wp:term":[{"taxonomy":"category","embeddable":true,"href":"https:\/\/www.sutel.com.uy\/index.php?rest_route=%2Fwp%2Fv2%2Fcategories&post=1662"},{"taxonomy":"post_tag","embeddable":true,"href":"https:\/\/www.sutel.com.uy\/index.php?rest_route=%2Fwp%2Fv2%2Ftags&post=1662"}],"curies":[{"name":"wp","href":"https:\/\/api.w.org\/{rel}","templated":true}]}}