{"id":1559,"date":"2016-05-24T23:59:13","date_gmt":"2016-05-25T02:59:13","guid":{"rendered":"http:\/\/www.sutel.com.uy\/?p=1559"},"modified":"2016-05-25T00:04:53","modified_gmt":"2016-05-25T03:04:53","slug":"pit-cnt-afirma-que-ajuste-del-poder-ejecutivo-es-recesivo","status":"publish","type":"post","link":"https:\/\/www.sutel.com.uy\/?p=1559","title":{"rendered":"Comunicado del PIT-CNT sobre el ajuste del Poder Ejecutivo"},"content":{"rendered":"<p><a href=\"https:\/\/www.sutel.com.uy\/wp-content\/uploads\/2016\/05\/273470.jpg\"><img loading=\"lazy\" decoding=\"async\" class=\"alignnone size-medium wp-image-1564\" src=\"https:\/\/www.sutel.com.uy\/wp-content\/uploads\/2016\/05\/273470-300x257.jpg\" alt=\"273470\" width=\"300\" height=\"257\" srcset=\"https:\/\/www.sutel.com.uy\/wp-content\/uploads\/2016\/05\/273470-300x257.jpg 300w, https:\/\/www.sutel.com.uy\/wp-content\/uploads\/2016\/05\/273470.jpg 420w\" sizes=\"auto, (max-width: 300px) 100vw, 300px\" \/><\/a><\/p>\n<p>El Secretariado Ejecutivo del PIT-CNT sostiene que el ajuste anunciado por el ministro Danilo Astori \u00abes de car\u00e1cter recesivo\u00bb, anunci\u00f3 que el jueves se reunir\u00e1 con el titular del Ministerio de Econom\u00eda y Finanzas (MEF) para plantear entre otras cosas que el Impuesto a las Rentas de las Actividades Econ\u00f3micas (IRAE) sea progresivo (como lo es el Impuesto a la Renta de las Personas F\u00edsicas &#8211; IRPF), que se le solicitar\u00e1 una entrevista al Poder Ejecutivo y adelant\u00f3 que el viernes tres de junio se reunir\u00e1 la Mesa Representativa (MR) de la central sindical a fin de analizar medidas de lucha si los reclamos de los trabajadores no son tenidos en cuenta.<\/p>\n<p>Marcelo Abdala, Secretario General del PIT-CNT, inform\u00f3 que b\u00e1sicamente y de forma un\u00e1nime el Secretariado Ejecutivo del movimiento sindical uruguayo \u00abrechaza el paquete de medidas del Poder Ejecutivo. En primer lugar porque creemos que las medidas deben est\u00e1 vinculadas al desarrollo. Es en ese sentido que ya hemos dicho que existe el espacio fiscal adecuado para que el gobierno en momentos de desaceleraci\u00f3n tome medidas contra c\u00edclicas. Esto quiere decir: que cuando las cosas se complican en nuestra \u00e1rea exportadora, la cual obviamente es muy importante, se debe utilizar en el corto plazo una mejora en la demanda interna para generar trabajo y calidad de vida de la gente. Para llegar a esto se debe mejorar las inversiones de las empresas p\u00fablicas y del Estado en general. Tambi\u00e9n hemos planteado que el Poder Ejecutivo debe cambiar sus criterios (pautas) en la negociaci\u00f3n colectiva que se lleva adelante en los Consejos de Salarios\u00bb.<\/p>\n<p><a href=\"https:\/\/www.sutel.com.uy\/wp-content\/uploads\/2016\/05\/Resol-SE-anuncios-econ\u00f3micos-2.pdf\" target=\"_blank\">Leer mas<\/a><\/p>\n","protected":false},"excerpt":{"rendered":"<p>El Secretariado Ejecutivo del PIT-CNT sostiene que el ajuste anunciado por el ministro Danilo Astori \u00abes de car\u00e1cter recesivo\u00bb, anunci\u00f3 que el jueves se reunir\u00e1 con el titular del Ministerio &#8230;<\/p>\n","protected":false},"author":7,"featured_media":1470,"comment_status":"closed","ping_status":"closed","sticky":false,"template":"","format":"standard","meta":{"pagelayer_contact_templates":[],"_pagelayer_content":"","footnotes":""},"categories":[17],"tags":[],"class_list":["post-1559","post","type-post","status-publish","format-standard","has-post-thumbnail","hentry","category-noticias-sindicales"],"_links":{"self":[{"href":"https:\/\/www.sutel.com.uy\/index.php?rest_route=\/wp\/v2\/posts\/1559","targetHints":{"allow":["GET"]}}],"collection":[{"href":"https:\/\/www.sutel.com.uy\/index.php?rest_route=\/wp\/v2\/posts"}],"about":[{"href":"https:\/\/www.sutel.com.uy\/index.php?rest_route=\/wp\/v2\/types\/post"}],"author":[{"embeddable":true,"href":"https:\/\/www.sutel.com.uy\/index.php?rest_route=\/wp\/v2\/users\/7"}],"replies":[{"embeddable":true,"href":"https:\/\/www.sutel.com.uy\/index.php?rest_route=%2Fwp%2Fv2%2Fcomments&post=1559"}],"version-history":[{"count":4,"href":"https:\/\/www.sutel.com.uy\/index.php?rest_route=\/wp\/v2\/posts\/1559\/revisions"}],"predecessor-version":[{"id":1566,"href":"https:\/\/www.sutel.com.uy\/index.php?rest_route=\/wp\/v2\/posts\/1559\/revisions\/1566"}],"wp:featuredmedia":[{"embeddable":true,"href":"https:\/\/www.sutel.com.uy\/index.php?rest_route=\/wp\/v2\/media\/1470"}],"wp:attachment":[{"href":"https:\/\/www.sutel.com.uy\/index.php?rest_route=%2Fwp%2Fv2%2Fmedia&parent=1559"}],"wp:term":[{"taxonomy":"category","embeddable":true,"href":"https:\/\/www.sutel.com.uy\/index.php?rest_route=%2Fwp%2Fv2%2Fcategories&post=1559"},{"taxonomy":"post_tag","embeddable":true,"href":"https:\/\/www.sutel.com.uy\/index.php?rest_route=%2Fwp%2Fv2%2Ftags&post=1559"}],"curies":[{"name":"wp","href":"https:\/\/api.w.org\/{rel}","templated":true}]}}