{"id":1269,"date":"2016-03-07T21:03:15","date_gmt":"2016-03-08T00:03:15","guid":{"rendered":"http:\/\/www.sutel.com.uy\/?p=1269"},"modified":"2016-03-07T21:11:07","modified_gmt":"2016-03-08T00:11:07","slug":"8-de-marzo-dia-internacional-de-la-mujer","status":"publish","type":"post","link":"https:\/\/www.sutel.com.uy\/?p=1269","title":{"rendered":"8 de Marzo  &#8211;  D\u00eda  Internacional de la Mujer"},"content":{"rendered":"<p lang=\"es-ES\" align=\"CENTER\"><a href=\"https:\/\/www.sutel.com.uy\/wp-content\/uploads\/2016\/03\/Dia-internacional-de-la-mujer.jpg\"><img loading=\"lazy\" decoding=\"async\" class=\"wp-image-1270 alignleft\" src=\"https:\/\/www.sutel.com.uy\/wp-content\/uploads\/2016\/03\/Dia-internacional-de-la-mujer-300x167.jpg\" alt=\"Dia internacional de la mujer\" width=\"429\" height=\"239\" srcset=\"https:\/\/www.sutel.com.uy\/wp-content\/uploads\/2016\/03\/Dia-internacional-de-la-mujer-300x167.jpg 300w, https:\/\/www.sutel.com.uy\/wp-content\/uploads\/2016\/03\/Dia-internacional-de-la-mujer-120x66.jpg 120w, https:\/\/www.sutel.com.uy\/wp-content\/uploads\/2016\/03\/Dia-internacional-de-la-mujer.jpg 850w\" sizes=\"auto, (max-width: 429px) 100vw, 429px\" \/><\/a><\/p>\n<p>&nbsp;<\/p>\n<p>&nbsp;<\/p>\n<p>&nbsp;<\/p>\n<p>&nbsp;<\/p>\n<p>&nbsp;<\/p>\n<p><strong>El Sindicato \u00danico de Telecomunicaciones env\u00eda un saludo fraterno a todas las mujeres, trabajadoras, luchadoras sociales en su d\u00eda. Se han logrado avances importantes en la igualdad de g\u00e9nero, pero tenemos que seguir renovando d\u00eda a d\u00eda nuestro compromiso, para profundizar los cambios con la organizaci\u00f3n y la lucha de nuestro movimiento sindical<\/strong><\/p>\n<p>&nbsp;<\/p>\n<p><strong>Augusto Larrosa \u00a0 \u00a0 \u00a0 \u00a0 \u00a0 \u00a0 \u00a0 \u00a0 \u00a0 Gabriel Molina \u00a0<\/strong><\/p>\n<p><strong>Secretario \u00a0 \u00a0 \u00a0 \u00a0 \u00a0 \u00a0 \u00a0 \u00a0 \u00a0 \u00a0 \u00a0 \u00a0 \u00a0 \u00a0 \u00a0 \u00a0 \u00a0 Presidente<\/strong><\/p>\n<p>&nbsp;<\/p>\n","protected":false},"excerpt":{"rendered":"<p>&nbsp; &nbsp; &nbsp; &nbsp; &nbsp; El Sindicato \u00danico de Telecomunicaciones env\u00eda un saludo fraterno a todas las mujeres, trabajadoras, luchadoras sociales en su d\u00eda. Se han logrado avances importantes en &#8230;<\/p>\n","protected":false},"author":7,"featured_media":1274,"comment_status":"closed","ping_status":"closed","sticky":false,"template":"","format":"standard","meta":{"pagelayer_contact_templates":[],"_pagelayer_content":"","footnotes":""},"categories":[17],"tags":[],"class_list":["post-1269","post","type-post","status-publish","format-standard","has-post-thumbnail","hentry","category-noticias-sindicales"],"_links":{"self":[{"href":"https:\/\/www.sutel.com.uy\/index.php?rest_route=\/wp\/v2\/posts\/1269","targetHints":{"allow":["GET"]}}],"collection":[{"href":"https:\/\/www.sutel.com.uy\/index.php?rest_route=\/wp\/v2\/posts"}],"about":[{"href":"https:\/\/www.sutel.com.uy\/index.php?rest_route=\/wp\/v2\/types\/post"}],"author":[{"embeddable":true,"href":"https:\/\/www.sutel.com.uy\/index.php?rest_route=\/wp\/v2\/users\/7"}],"replies":[{"embeddable":true,"href":"https:\/\/www.sutel.com.uy\/index.php?rest_route=%2Fwp%2Fv2%2Fcomments&post=1269"}],"version-history":[{"count":6,"href":"https:\/\/www.sutel.com.uy\/index.php?rest_route=\/wp\/v2\/posts\/1269\/revisions"}],"predecessor-version":[{"id":1281,"href":"https:\/\/www.sutel.com.uy\/index.php?rest_route=\/wp\/v2\/posts\/1269\/revisions\/1281"}],"wp:featuredmedia":[{"embeddable":true,"href":"https:\/\/www.sutel.com.uy\/index.php?rest_route=\/wp\/v2\/media\/1274"}],"wp:attachment":[{"href":"https:\/\/www.sutel.com.uy\/index.php?rest_route=%2Fwp%2Fv2%2Fmedia&parent=1269"}],"wp:term":[{"taxonomy":"category","embeddable":true,"href":"https:\/\/www.sutel.com.uy\/index.php?rest_route=%2Fwp%2Fv2%2Fcategories&post=1269"},{"taxonomy":"post_tag","embeddable":true,"href":"https:\/\/www.sutel.com.uy\/index.php?rest_route=%2Fwp%2Fv2%2Ftags&post=1269"}],"curies":[{"name":"wp","href":"https:\/\/api.w.org\/{rel}","templated":true}]}}